{"id":2647,"date":"2023-07-07T09:32:48","date_gmt":"2023-07-07T07:32:48","guid":{"rendered":"https:\/\/idabus.com\/rueckblick-14-identity-cloud-summit-2023\/"},"modified":"2026-01-26T08:31:23","modified_gmt":"2026-01-26T07:31:23","slug":"rueckblick-14-identity-cloud-summit-2023","status":"publish","type":"post","link":"https:\/\/idabus.com\/de\/rueckblick-14-identity-cloud-summit-2023\/","title":{"rendered":"R\u00fcckblick! 14. Identity &amp; Cloud Summit 2023"},"content":{"rendered":"\t\t<div data-elementor-type=\"wp-post\" data-elementor-id=\"2647\" class=\"elementor elementor-2647 elementor-1478\" data-elementor-post-type=\"post\">\n\t\t\t\t\t\t<section class=\"has_eae_slider elementor-section elementor-top-section elementor-element elementor-element-29ffced8 elementor-section-full_width elementor-section-height-min-height elementor-section-height-default elementor-section-items-middle\" data-eae-slider=\"72605\" data-id=\"29ffced8\" data-element_type=\"section\" data-e-type=\"section\" data-settings=\"{&quot;background_background&quot;:&quot;classic&quot;}\">\n\t\t\t\t\t\t\t<div class=\"elementor-background-overlay\"><\/div>\n\t\t\t\t\t\t\t<div class=\"elementor-container elementor-column-gap-default\">\n\t\t\t\t\t<div class=\"has_eae_slider elementor-column elementor-col-100 elementor-top-column elementor-element elementor-element-1a116d17\" data-eae-slider=\"42215\" data-id=\"1a116d17\" data-element_type=\"column\" data-e-type=\"column\">\n\t\t\t<div class=\"elementor-widget-wrap elementor-element-populated\">\n\t\t\t\t\t\t<div class=\"elementor-element elementor-element-68ddefa6 elementor-hidden-desktop elementor-hidden-tablet elementor-widget elementor-widget-spacer\" data-id=\"68ddefa6\" data-element_type=\"widget\" data-e-type=\"widget\" data-widget_type=\"spacer.default\">\n\t\t\t\t<div class=\"elementor-widget-container\">\n\t\t\t\t\t\t\t<div class=\"elementor-spacer\">\n\t\t\t<div class=\"elementor-spacer-inner\"><\/div>\n\t\t<\/div>\n\t\t\t\t\t\t<\/div>\n\t\t\t\t<\/div>\n\t\t\t\t<div class=\"elementor-element elementor-element-65ec905b elementor-widget elementor-widget-heading\" data-id=\"65ec905b\" data-element_type=\"widget\" data-e-type=\"widget\" data-widget_type=\"heading.default\">\n\t\t\t\t<div class=\"elementor-widget-container\">\n\t\t\t\t\t<h1 class=\"elementor-heading-title elementor-size-default\">R\u00fcckblick! 14. Identity &amp; Cloud Summit 2023<\/h1>\t\t\t\t<\/div>\n\t\t\t\t<\/div>\n\t\t\t\t<div class=\"elementor-element elementor-element-54d9ea6c elementor-hidden-desktop elementor-hidden-tablet elementor-widget elementor-widget-spacer\" data-id=\"54d9ea6c\" data-element_type=\"widget\" data-e-type=\"widget\" data-widget_type=\"spacer.default\">\n\t\t\t\t<div class=\"elementor-widget-container\">\n\t\t\t\t\t\t\t<div class=\"elementor-spacer\">\n\t\t\t<div class=\"elementor-spacer-inner\"><\/div>\n\t\t<\/div>\n\t\t\t\t\t\t<\/div>\n\t\t\t\t<\/div>\n\t\t\t\t\t<\/div>\n\t\t<\/div>\n\t\t\t\t\t<\/div>\n\t\t<\/section>\n\t\t\t\t<section class=\"has_eae_slider elementor-section elementor-top-section elementor-element elementor-element-75b2f929 elementor-section-boxed elementor-section-height-default elementor-section-height-default\" data-eae-slider=\"75793\" data-id=\"75b2f929\" data-element_type=\"section\" data-e-type=\"section\">\n\t\t\t\t\t\t<div class=\"elementor-container elementor-column-gap-default\">\n\t\t\t\t\t<div class=\"has_eae_slider elementor-column elementor-col-100 elementor-top-column elementor-element elementor-element-48037345\" data-eae-slider=\"30026\" data-id=\"48037345\" data-element_type=\"column\" data-e-type=\"column\">\n\t\t\t<div class=\"elementor-widget-wrap elementor-element-populated\">\n\t\t\t\t\t\t<div class=\"elementor-element elementor-element-7bcb0c5b elementor-widget elementor-widget-spacer\" data-id=\"7bcb0c5b\" data-element_type=\"widget\" data-e-type=\"widget\" data-widget_type=\"spacer.default\">\n\t\t\t\t<div class=\"elementor-widget-container\">\n\t\t\t\t\t\t\t<div class=\"elementor-spacer\">\n\t\t\t<div class=\"elementor-spacer-inner\"><\/div>\n\t\t<\/div>\n\t\t\t\t\t\t<\/div>\n\t\t\t\t<\/div>\n\t\t\t\t\t<\/div>\n\t\t<\/div>\n\t\t\t\t\t<\/div>\n\t\t<\/section>\n\t\t\t\t<section class=\"has_eae_slider elementor-section elementor-top-section elementor-element elementor-element-7e8f690d elementor-section-content-middle elementor-section-boxed elementor-section-height-default elementor-section-height-default\" data-eae-slider=\"52252\" data-id=\"7e8f690d\" data-element_type=\"section\" data-e-type=\"section\">\n\t\t\t\t\t\t<div class=\"elementor-container elementor-column-gap-default\">\n\t\t\t\t\t<div class=\"has_eae_slider elementor-column elementor-col-100 elementor-top-column elementor-element elementor-element-5b9b1d63\" data-eae-slider=\"23815\" data-id=\"5b9b1d63\" data-element_type=\"column\" data-e-type=\"column\">\n\t\t\t<div class=\"elementor-widget-wrap elementor-element-populated\">\n\t\t\t\t\t\t<div class=\"elementor-element elementor-element-47ccc5f4 elementor-widget elementor-widget-text-editor\" data-id=\"47ccc5f4\" data-element_type=\"widget\" data-e-type=\"widget\" data-widget_type=\"text-editor.default\">\n\t\t\t\t<div class=\"elementor-widget-container\">\n\t\t\t\t\t\t\t\t\t<h1>Unser Gipfeltreffen war wieder einmal ein absolutes Highlight, bei dem wir uns intensiv mit vielen spannenden Themen auseinandergesetzt haben.<\/h1><p><br>Die Pr\u00e4sentation <strong>\u201eUnsere Reise mit IDABUS \u2013 Der Weg von der MIM 2016 in die Cloud\u201c,<\/strong> basierend auf einer realen Kundensituation, bot uns einen beeindruckenden Einblick in die Entwicklung dieser wegweisenden L\u00f6sung. Ein weiterer Erfolg in der Weiterentwicklung von IDABUS ist die neue Komponente \u201eDatenfluss\u201c. <strong>Sie erm\u00f6glicht die extrem schnelle \u00dcbernahme beliebiger Daten<\/strong>, beispielsweise innerhalb von Organisationsstrukturen.  <\/p><p>Ein absolut faszinierendes Thema war <strong>die Komplexit\u00e4t von Genehmigungsprozessen<\/strong> und wie diese mit IDABUS bew\u00e4ltigt werden kann. Auch die M\u00f6glichkeiten der Delegation und Eskalation wurden angesprochen. Die Pr\u00e4sentation <strong>\u201eZwischen den Welten \u2013 Direkte Kommunikation mit IDABUS von\/zu Anwendungen\u201c <\/strong>war ebenfalls beeindruckend. Hier wurde eine innovative L\u00f6sung vorgestellt: Datenpflege au\u00dferhalb des IDM zur Unterst\u00fctzung von Migrationen und Minimierung der Schnittstellenanzahl.   <\/p><p>Wir behandelten das Thema <strong>\u201eDirekte Verbindung zu Entra \u2013 Bereitstellung\/Synchronisierung aus IDABUS\u201c<\/strong>, in dem uns eine innovative PowerShell-Funktion vorgestellt wurde. Dar\u00fcber hinaus erhielten wir wertvolle Einblicke von <strong>Alexander Puchta von <a href=\"https:\/\/nexis-secure.com\/en\/\">Nexis<\/a> <\/strong>in seinem Vortrag <strong>\u201eIAM-Alltag vereinfachen: Autorisierungskonzepte auf Knopfdruck aktuell halten!\u201c<\/strong>, der uns zeigte, wie komplexe Autorisierungskonzepte einfach und zeitgem\u00e4\u00df implementiert werden k\u00f6nnen. <\/p><p>Ein weiteres Highlight war die Pr\u00e4sentation <strong>\u201eIDABUS ermittelt \u2013 Wer ist der T\u00e4ter?\u201c<\/strong>. Diese Pr\u00e4sentation zeigte anschaulich, wie IDABUS durch die Verkn\u00fcpfung von Berichten, Protokollen und Objekthistorie zur Identifizierung und Aufdeckung von T\u00e4tern beitr\u00e4gt. Die Demonstration der IDABUS- und <strong>MIM-\u00dcberwachung<\/strong> im Rahmen der OCG-Unterst\u00fctzung war ebenfalls sehr interessant, da IDABUS eine native Schnittstelle f\u00fcr die \u00dcbertragung an den IoT-Hub bietet und somit den Installationsaufwand erheblich reduziert. <\/p><p>Dar\u00fcber hinaus konnten wir viel \u00fcber das Thema <strong>\u201eZugriffsberechtigungsmanagement in Cloud-Infrastrukturen\u201c<\/strong> lernen. <strong>Markus Wilhelm-K\u00f6stner von <a href=\"https:\/\/www.microsoft.com\/de-de\/\">Microsoft<\/a> <\/strong>zeigte uns hier, wie die Funktionen zur Steuerung von Berechtigungen eine sinnvolle Erg\u00e4nzung zu einer umfassenden Zero-Trust-Strategie darstellen. <\/p><p>Die Veranstaltung schloss mit einer <strong>Diskussionsrunde<\/strong> mit unseren Experten, in der wir die <strong>wichtigsten<\/strong> Ergebnisse des Gipfels zusammenfassten. Die Veranstaltung in der Stadthalle Erding war ein voller Erfolg und bot uns <strong>wertvolle Informationen, inspirierende Ideen und anregende Diskussionen.<\/strong> <\/p><p>Wenn Sie sich f\u00fcr eines der Themen interessieren oder in einem Workshop mehr \u00fcber die moderne IAM-Plattform IDABUS Identity Solution erfahren m\u00f6chten, empfehlen wir Ihnen, eine Demo zu <strong>buchen<\/strong>.<br><br>Wir danken au\u00dferdem <a href=\"https:\/\/caroline-voit.de\/\">Caroline Voit <\/a>f\u00fcr die hervorragende Moderation und <a href=\"https:\/\/neu.foto-zeiler.de\/\">Sabine Zeiler-Babisch<\/a> von Foto-Zeiler f\u00fcr die wundersch\u00f6nen Fotos!<\/p><p><br><a href=\"https:\/\/www.canva.com\/design\/DAFnR60s9Ak\/OEKY1dmLe5Mt8ejmZj2qfw\/watch?utm_content=DAFnR60s9Ak&amp;utm_campaign=designshare&amp;utm_medium=link&amp;utm_source=publishsharelink\">Impressionen von der Summit<\/a><\/p>\t\t\t\t\t\t\t\t<\/div>\n\t\t\t\t<\/div>\n\t\t\t\t\t<\/div>\n\t\t<\/div>\n\t\t\t\t\t<\/div>\n\t\t<\/section>\n\t\t\t\t<section class=\"has_eae_slider elementor-section elementor-top-section elementor-element elementor-element-acaee29 elementor-section-boxed elementor-section-height-default elementor-section-height-default\" data-eae-slider=\"42414\" data-id=\"acaee29\" data-element_type=\"section\" data-e-type=\"section\">\n\t\t\t\t\t\t<div class=\"elementor-container elementor-column-gap-default\">\n\t\t\t\t\t<div class=\"has_eae_slider elementor-column elementor-col-100 elementor-top-column elementor-element elementor-element-41f2ce6a\" data-eae-slider=\"69960\" data-id=\"41f2ce6a\" data-element_type=\"column\" data-e-type=\"column\">\n\t\t\t<div class=\"elementor-widget-wrap elementor-element-populated\">\n\t\t\t\t\t\t<div class=\"elementor-element elementor-element-69e46650 elementor-widget elementor-widget-spacer\" data-id=\"69e46650\" data-element_type=\"widget\" data-e-type=\"widget\" data-widget_type=\"spacer.default\">\n\t\t\t\t<div class=\"elementor-widget-container\">\n\t\t\t\t\t\t\t<div class=\"elementor-spacer\">\n\t\t\t<div class=\"elementor-spacer-inner\"><\/div>\n\t\t<\/div>\n\t\t\t\t\t\t<\/div>\n\t\t\t\t<\/div>\n\t\t\t\t\t<\/div>\n\t\t<\/div>\n\t\t\t\t\t<\/div>\n\t\t<\/section>\n\t\t\t\t<section class=\"has_eae_slider elementor-section elementor-top-section elementor-element elementor-element-1688fbb5 elementor-section-boxed elementor-section-height-default elementor-section-height-default\" data-eae-slider=\"87902\" data-id=\"1688fbb5\" data-element_type=\"section\" data-e-type=\"section\">\n\t\t\t\t\t\t<div class=\"elementor-container elementor-column-gap-default\">\n\t\t\t\t\t<div class=\"has_eae_slider elementor-column elementor-col-100 elementor-top-column elementor-element elementor-element-6f4492f4\" data-eae-slider=\"76030\" data-id=\"6f4492f4\" data-element_type=\"column\" data-e-type=\"column\">\n\t\t\t<div class=\"elementor-widget-wrap elementor-element-populated\">\n\t\t\t\t\t\t<div class=\"elementor-element elementor-element-1af8262f elementor-widget elementor-widget-heading\" data-id=\"1af8262f\" data-element_type=\"widget\" data-e-type=\"widget\" data-widget_type=\"heading.default\">\n\t\t\t\t<div class=\"elementor-widget-container\">\n\t\t\t\t\t<h2 class=\"elementor-heading-title elementor-size-default\">Weitere Neuigkeiten<\/h2>\t\t\t\t<\/div>\n\t\t\t\t<\/div>\n\t\t\t\t<div class=\"elementor-element elementor-element-211393f5 elementor-widget elementor-widget-text-editor\" data-id=\"211393f5\" data-element_type=\"widget\" data-e-type=\"widget\" data-widget_type=\"text-editor.default\">\n\t\t\t\t<div class=\"elementor-widget-container\">\n\t\t\t\t\t\t\t\t\tErfahren Sie mehr \u00fcber die neuesten Technologien und Trends im Bereich Identit\u00e4tsmanagement.\t\t\t\t\t\t\t\t<\/div>\n\t\t\t\t<\/div>\n\t\t\t\t<div class=\"elementor-element elementor-element-343cca07 elementor-widget elementor-widget-spacer\" data-id=\"343cca07\" data-element_type=\"widget\" data-e-type=\"widget\" data-widget_type=\"spacer.default\">\n\t\t\t\t<div class=\"elementor-widget-container\">\n\t\t\t\t\t\t\t<div class=\"elementor-spacer\">\n\t\t\t<div class=\"elementor-spacer-inner\"><\/div>\n\t\t<\/div>\n\t\t\t\t\t\t<\/div>\n\t\t\t\t<\/div>\n\t\t\t\t\t<\/div>\n\t\t<\/div>\n\t\t\t\t\t<\/div>\n\t\t<\/section>\n\t\t\t\t<section class=\"has_eae_slider elementor-section elementor-top-section elementor-element elementor-element-5bd615f9 elementor-section-boxed elementor-section-height-default elementor-section-height-default\" data-eae-slider=\"75614\" data-id=\"5bd615f9\" data-element_type=\"section\" data-e-type=\"section\">\n\t\t\t\t\t\t<div class=\"elementor-container elementor-column-gap-default\">\n\t\t\t\t\t<div class=\"has_eae_slider elementor-column elementor-col-100 elementor-top-column elementor-element elementor-element-79069c59\" data-eae-slider=\"62938\" data-id=\"79069c59\" data-element_type=\"column\" data-e-type=\"column\">\n\t\t\t<div class=\"elementor-widget-wrap elementor-element-populated\">\n\t\t\t\t\t\t<div class=\"elementor-element elementor-element-3e4cb2d3 elementor-posts__hover-none elementor-grid-3 elementor-grid-tablet-2 elementor-grid-mobile-1 elementor-posts--thumbnail-top elementor-widget elementor-widget-posts\" data-id=\"3e4cb2d3\" data-element_type=\"widget\" data-e-type=\"widget\" data-settings=\"{&quot;cards_columns&quot;:&quot;3&quot;,&quot;cards_columns_tablet&quot;:&quot;2&quot;,&quot;cards_columns_mobile&quot;:&quot;1&quot;,&quot;cards_row_gap&quot;:{&quot;unit&quot;:&quot;px&quot;,&quot;size&quot;:35,&quot;sizes&quot;:[]},&quot;cards_row_gap_tablet&quot;:{&quot;unit&quot;:&quot;px&quot;,&quot;size&quot;:&quot;&quot;,&quot;sizes&quot;:[]},&quot;cards_row_gap_mobile&quot;:{&quot;unit&quot;:&quot;px&quot;,&quot;size&quot;:&quot;&quot;,&quot;sizes&quot;:[]}}\" data-widget_type=\"posts.cards\">\n\t\t\t\t<div class=\"elementor-widget-container\">\n\t\t\t\t\t\t\t<div class=\"elementor-posts-container elementor-posts elementor-posts--skin-cards elementor-grid\" role=\"list\">\n\t\t\t\t<article class=\"elementor-post elementor-grid-item post-2819 post type-post status-publish format-standard has-post-thumbnail hentry category-nicht-kategorisiert\" role=\"listitem\">\n\t\t\t<div class=\"elementor-post__card\">\n\t\t\t\t<a class=\"elementor-post__thumbnail__link\" href=\"https:\/\/idabus.com\/de\/warum-jetzt-der-richtige-zeitpunkt-fuer-die-migration-zu-idabus-ist\/\" tabindex=\"-1\" ><div class=\"elementor-post__thumbnail\"><img fetchpriority=\"high\" decoding=\"async\" width=\"620\" height=\"320\" src=\"https:\/\/idabus.com\/wp-content\/uploads\/sites\/3\/2026\/02\/idabus.png\" class=\"attachment-medium_large size-medium_large wp-image-2818\" alt=\"Idabus Logo\" srcset=\"https:\/\/idabus.com\/wp-content\/uploads\/sites\/3\/2026\/02\/idabus.png 620w, https:\/\/idabus.com\/wp-content\/uploads\/sites\/3\/2026\/02\/idabus-300x155.png 300w\" sizes=\"(max-width: 620px) 100vw, 620px\" \/><\/div><\/a>\n\t\t\t\t<div class=\"elementor-post__text\">\n\t\t\t\t<h3 class=\"elementor-post__title\">\n\t\t\t<a href=\"https:\/\/idabus.com\/de\/warum-jetzt-der-richtige-zeitpunkt-fuer-die-migration-zu-idabus-ist\/\" >\n\t\t\t\tWarum jetzt der richtige Zeitpunkt f\u00fcr die Migration zu IDABUS ist\t\t\t<\/a>\n\t\t<\/h3>\n\t\t\t\t<div class=\"elementor-post__excerpt\">\n\t\t\t<p>F\u00fcr viele Unternehmen bildet Microsoft SharePoint seit Jahren die Grundlage wichtiger Gesch\u00e4ftsprozesse \u2013 unter anderem auch f\u00fcr das Microsoft Identity Manager (MIM) Portal, das technisch<\/p>\n\t\t<\/div>\n\t\t\n\t\t<a class=\"elementor-post__read-more\" href=\"https:\/\/idabus.com\/de\/warum-jetzt-der-richtige-zeitpunkt-fuer-die-migration-zu-idabus-ist\/\" aria-label=\"Mehr \u00fcber Warum jetzt der richtige Zeitpunkt f\u00fcr die Migration zu IDABUS ist\" tabindex=\"-1\" >\n\t\t\tMehr lesen &gt;\t\t<\/a>\n\n\t\t\t\t<\/div>\n\t\t\t\t\t<\/div>\n\t\t<\/article>\n\t\t\t\t<article class=\"elementor-post elementor-grid-item post-2718 post type-post status-publish format-standard has-post-thumbnail hentry category-nicht-kategorisiert\" role=\"listitem\">\n\t\t\t<div class=\"elementor-post__card\">\n\t\t\t\t<a class=\"elementor-post__thumbnail__link\" href=\"https:\/\/idabus.com\/de\/17-sicherheits-und-effizienzgipfel-fruhbucherangebot-gestartet-sparen-sie-20\/\" tabindex=\"-1\" ><div class=\"elementor-post__thumbnail\"><img decoding=\"async\" width=\"768\" height=\"512\" src=\"https:\/\/idabus.com\/wp-content\/uploads\/sites\/3\/2026\/01\/EN-summit2026_early-bird-768-x-512-px.jpg\" class=\"attachment-medium_large size-medium_large wp-image-2722\" alt=\"Early Bird Rabatt von 20%\" srcset=\"https:\/\/idabus.com\/wp-content\/uploads\/sites\/3\/2026\/01\/EN-summit2026_early-bird-768-x-512-px.jpg 768w, https:\/\/idabus.com\/wp-content\/uploads\/sites\/3\/2026\/01\/EN-summit2026_early-bird-768-x-512-px-300x200.jpg 300w\" sizes=\"(max-width: 768px) 100vw, 768px\" \/><\/div><\/a>\n\t\t\t\t<div class=\"elementor-post__text\">\n\t\t\t\t<h3 class=\"elementor-post__title\">\n\t\t\t<a href=\"https:\/\/idabus.com\/de\/17-sicherheits-und-effizienzgipfel-fruhbucherangebot-gestartet-sparen-sie-20\/\" >\n\t\t\t\t17. Sicherheits- und Effizienzgipfel \u2013 Fr\u00fchbucherangebot gestartet: Sparen Sie 20 %\t\t\t<\/a>\n\t\t<\/h3>\n\t\t\t\t<div class=\"elementor-post__excerpt\">\n\t\t\t<p>Sichern Sie sich Ihren 20% Fr\u00fchbucherrabatt f\u00fcr den 17. Security &amp; Efficiency Summit 2026! Der 17. Security &amp; Efficiency Summit von OCG bietet Unternehmen praxisnahe<\/p>\n\t\t<\/div>\n\t\t\n\t\t<a class=\"elementor-post__read-more\" href=\"https:\/\/idabus.com\/de\/17-sicherheits-und-effizienzgipfel-fruhbucherangebot-gestartet-sparen-sie-20\/\" aria-label=\"Mehr \u00fcber 17. Sicherheits- und Effizienzgipfel \u2013 Fr\u00fchbucherangebot gestartet: Sparen Sie 20 %\" tabindex=\"-1\" >\n\t\t\tMehr lesen &gt;\t\t<\/a>\n\n\t\t\t\t<\/div>\n\t\t\t\t\t<\/div>\n\t\t<\/article>\n\t\t\t\t<article class=\"elementor-post elementor-grid-item post-2671 post type-post status-publish format-standard has-post-thumbnail hentry category-nicht-kategorisiert\" role=\"listitem\">\n\t\t\t<div class=\"elementor-post__card\">\n\t\t\t\t<a class=\"elementor-post__thumbnail__link\" href=\"https:\/\/idabus.com\/de\/17th-security-efficiency-summit-2026\/\" tabindex=\"-1\" ><div class=\"elementor-post__thumbnail\"><img decoding=\"async\" width=\"768\" height=\"512\" src=\"https:\/\/idabus.com\/wp-content\/uploads\/sites\/3\/2026\/01\/blogbeitrag-summit-2026_768x512px.jpg\" class=\"attachment-medium_large size-medium_large wp-image-2622\" alt=\"Our 17th Security &amp; Efficiency Summit is coming up again. The date is marked by a robotic hand.\" srcset=\"https:\/\/idabus.com\/wp-content\/uploads\/sites\/3\/2026\/01\/blogbeitrag-summit-2026_768x512px.jpg 768w, https:\/\/idabus.com\/wp-content\/uploads\/sites\/3\/2026\/01\/blogbeitrag-summit-2026_768x512px-300x200.jpg 300w\" sizes=\"(max-width: 768px) 100vw, 768px\" \/><\/div><\/a>\n\t\t\t\t<div class=\"elementor-post__text\">\n\t\t\t\t<h3 class=\"elementor-post__title\">\n\t\t\t<a href=\"https:\/\/idabus.com\/de\/17th-security-efficiency-summit-2026\/\" >\n\t\t\t\t17th Security &amp; Efficiency Summit 2026\t\t\t<\/a>\n\t\t<\/h3>\n\t\t\t\t<div class=\"elementor-post__excerpt\">\n\t\t\t<p>Die Zukunft der Cybersicherheit Unser 17. Security &amp; Efficiency Summit zeigt, wie Unternehmen Risiken minimieren, Prozesse optimieren und langfristig wettbewerbsf\u00e4hig bleiben k\u00f6nnen. Digitale Prozesse, stetig<\/p>\n\t\t<\/div>\n\t\t\n\t\t<a class=\"elementor-post__read-more\" href=\"https:\/\/idabus.com\/de\/17th-security-efficiency-summit-2026\/\" aria-label=\"Mehr \u00fcber 17th Security &amp; Efficiency Summit 2026\" tabindex=\"-1\" >\n\t\t\tMehr lesen &gt;\t\t<\/a>\n\n\t\t\t\t<\/div>\n\t\t\t\t\t<\/div>\n\t\t<\/article>\n\t\t\t\t<\/div>\n\t\t\n\t\t\t\t\t\t<\/div>\n\t\t\t\t<\/div>\n\t\t\t\t\t<\/div>\n\t\t<\/div>\n\t\t\t\t\t<\/div>\n\t\t<\/section>\n\t\t\t\t<section class=\"has_eae_slider elementor-section elementor-top-section elementor-element elementor-element-307ffdf7 elementor-section-boxed elementor-section-height-default elementor-section-height-default\" data-eae-slider=\"30576\" data-id=\"307ffdf7\" data-element_type=\"section\" data-e-type=\"section\">\n\t\t\t\t\t\t<div class=\"elementor-container elementor-column-gap-default\">\n\t\t\t\t\t<div class=\"has_eae_slider elementor-column elementor-col-100 elementor-top-column elementor-element elementor-element-281db545\" data-eae-slider=\"88206\" data-id=\"281db545\" data-element_type=\"column\" data-e-type=\"column\">\n\t\t\t<div class=\"elementor-widget-wrap elementor-element-populated\">\n\t\t\t\t\t\t<div class=\"elementor-element elementor-element-262d7c32 elementor-widget elementor-widget-spacer\" data-id=\"262d7c32\" data-element_type=\"widget\" data-e-type=\"widget\" data-widget_type=\"spacer.default\">\n\t\t\t\t<div class=\"elementor-widget-container\">\n\t\t\t\t\t\t\t<div class=\"elementor-spacer\">\n\t\t\t<div class=\"elementor-spacer-inner\"><\/div>\n\t\t<\/div>\n\t\t\t\t\t\t<\/div>\n\t\t\t\t<\/div>\n\t\t\t\t\t<\/div>\n\t\t<\/div>\n\t\t\t\t\t<\/div>\n\t\t<\/section>\n\t\t\t\t<\/div>\n\t\t","protected":false},"excerpt":{"rendered":"<p>Unser Gipfeltreffen war wieder einmal ein absolutes Highlight, bei dem wir uns intensiv mit vielen spannenden Themen auseinandergesetzt haben. Die Pr\u00e4sentation \u201eUnsere Reise mit IDABUS \u2013 Der Weg von der MIM 2016 in die Cloud\u201c, basierend auf einer realen Kundensituation, bot uns einen beeindruckenden Einblick in die Entwicklung dieser wegweisenden L\u00f6sung. Ein weiterer Erfolg in [&hellip;]<\/p>\n","protected":false},"author":11,"featured_media":2423,"comment_status":"closed","ping_status":"closed","sticky":false,"template":"elementor_header_footer","format":"standard","meta":{"footnotes":""},"categories":[12],"tags":[],"class_list":["post-2647","post","type-post","status-publish","format-standard","has-post-thumbnail","hentry","category-nicht-kategorisiert"],"yoast_head":"<!-- This site is optimized with the Yoast SEO plugin v27.3 - https:\/\/yoast.com\/product\/yoast-seo-wordpress\/ -->\n<title>R\u00fcckblick-Summit2023<\/title>\n<meta name=\"robots\" content=\"index, follow, max-snippet:-1, max-image-preview:large, max-video-preview:-1\" \/>\n<link rel=\"canonical\" href=\"https:\/\/idabus.com\/de\/rueckblick-14-identity-cloud-summit-2023\/\" \/>\n<meta property=\"og:locale\" content=\"de_DE\" \/>\n<meta property=\"og:type\" content=\"article\" \/>\n<meta property=\"og:title\" content=\"R\u00fcckblick-Summit2023\" \/>\n<meta property=\"og:description\" content=\"Unser Gipfeltreffen war wieder einmal ein absolutes Highlight, bei dem wir uns intensiv mit vielen spannenden Themen auseinandergesetzt haben. Die Pr\u00e4sentation \u201eUnsere Reise mit IDABUS \u2013 Der Weg von der MIM 2016 in die Cloud\u201c, basierend auf einer realen Kundensituation, bot uns einen beeindruckenden Einblick in die Entwicklung dieser wegweisenden L\u00f6sung. Ein weiterer Erfolg in [&hellip;]\" \/>\n<meta property=\"og:url\" content=\"https:\/\/idabus.com\/de\/rueckblick-14-identity-cloud-summit-2023\/\" \/>\n<meta property=\"og:site_name\" content=\"IDABUS D.O.O.\" \/>\n<meta property=\"article:published_time\" content=\"2023-07-07T07:32:48+00:00\" \/>\n<meta property=\"article:modified_time\" content=\"2026-01-26T07:31:23+00:00\" \/>\n<meta property=\"og:image\" content=\"https:\/\/idabus.com\/wp-content\/uploads\/sites\/3\/2023\/07\/summit_blogbild.jpg\" \/>\n\t<meta property=\"og:image:width\" content=\"1417\" \/>\n\t<meta property=\"og:image:height\" content=\"1012\" \/>\n\t<meta property=\"og:image:type\" content=\"image\/jpeg\" \/>\n<meta name=\"author\" content=\"adelsberger\" \/>\n<meta name=\"twitter:card\" content=\"summary_large_image\" \/>\n<meta name=\"twitter:label1\" content=\"Verfasst von\" \/>\n\t<meta name=\"twitter:data1\" content=\"adelsberger\" \/>\n\t<meta name=\"twitter:label2\" content=\"Gesch\u00e4tzte Lesezeit\" \/>\n\t<meta name=\"twitter:data2\" content=\"2\u00a0Minuten\" \/>\n<script type=\"application\/ld+json\" class=\"yoast-schema-graph\">{\"@context\":\"https:\\\/\\\/schema.org\",\"@graph\":[{\"@type\":\"Article\",\"@id\":\"https:\\\/\\\/idabus.com\\\/de\\\/rueckblick-14-identity-cloud-summit-2023\\\/#article\",\"isPartOf\":{\"@id\":\"https:\\\/\\\/idabus.com\\\/de\\\/rueckblick-14-identity-cloud-summit-2023\\\/\"},\"author\":{\"name\":\"adelsberger\",\"@id\":\"https:\\\/\\\/idabus.com\\\/de\\\/#\\\/schema\\\/person\\\/405a82bbfd3e241a3c63c0061b7d21d9\"},\"headline\":\"R\u00fcckblick! 14. Identity &amp; Cloud Summit 2023\",\"datePublished\":\"2023-07-07T07:32:48+00:00\",\"dateModified\":\"2026-01-26T07:31:23+00:00\",\"mainEntityOfPage\":{\"@id\":\"https:\\\/\\\/idabus.com\\\/de\\\/rueckblick-14-identity-cloud-summit-2023\\\/\"},\"wordCount\":425,\"publisher\":{\"@id\":\"https:\\\/\\\/idabus.com\\\/de\\\/#organization\"},\"image\":{\"@id\":\"https:\\\/\\\/idabus.com\\\/de\\\/rueckblick-14-identity-cloud-summit-2023\\\/#primaryimage\"},\"thumbnailUrl\":\"https:\\\/\\\/idabus.com\\\/wp-content\\\/uploads\\\/sites\\\/3\\\/2023\\\/07\\\/summit_blogbild.jpg\",\"articleSection\":[\"Nicht kategorisiert\"],\"inLanguage\":\"de\"},{\"@type\":\"WebPage\",\"@id\":\"https:\\\/\\\/idabus.com\\\/de\\\/rueckblick-14-identity-cloud-summit-2023\\\/\",\"url\":\"https:\\\/\\\/idabus.com\\\/de\\\/rueckblick-14-identity-cloud-summit-2023\\\/\",\"name\":\"R\u00fcckblick-Summit2023\",\"isPartOf\":{\"@id\":\"https:\\\/\\\/idabus.com\\\/de\\\/#website\"},\"primaryImageOfPage\":{\"@id\":\"https:\\\/\\\/idabus.com\\\/de\\\/rueckblick-14-identity-cloud-summit-2023\\\/#primaryimage\"},\"image\":{\"@id\":\"https:\\\/\\\/idabus.com\\\/de\\\/rueckblick-14-identity-cloud-summit-2023\\\/#primaryimage\"},\"thumbnailUrl\":\"https:\\\/\\\/idabus.com\\\/wp-content\\\/uploads\\\/sites\\\/3\\\/2023\\\/07\\\/summit_blogbild.jpg\",\"datePublished\":\"2023-07-07T07:32:48+00:00\",\"dateModified\":\"2026-01-26T07:31:23+00:00\",\"breadcrumb\":{\"@id\":\"https:\\\/\\\/idabus.com\\\/de\\\/rueckblick-14-identity-cloud-summit-2023\\\/#breadcrumb\"},\"inLanguage\":\"de\",\"potentialAction\":[{\"@type\":\"ReadAction\",\"target\":[\"https:\\\/\\\/idabus.com\\\/de\\\/rueckblick-14-identity-cloud-summit-2023\\\/\"]}]},{\"@type\":\"ImageObject\",\"inLanguage\":\"de\",\"@id\":\"https:\\\/\\\/idabus.com\\\/de\\\/rueckblick-14-identity-cloud-summit-2023\\\/#primaryimage\",\"url\":\"https:\\\/\\\/idabus.com\\\/wp-content\\\/uploads\\\/sites\\\/3\\\/2023\\\/07\\\/summit_blogbild.jpg\",\"contentUrl\":\"https:\\\/\\\/idabus.com\\\/wp-content\\\/uploads\\\/sites\\\/3\\\/2023\\\/07\\\/summit_blogbild.jpg\",\"width\":1417,\"height\":1012},{\"@type\":\"BreadcrumbList\",\"@id\":\"https:\\\/\\\/idabus.com\\\/de\\\/rueckblick-14-identity-cloud-summit-2023\\\/#breadcrumb\",\"itemListElement\":[{\"@type\":\"ListItem\",\"position\":1,\"name\":\"Startseite\",\"item\":\"https:\\\/\\\/idabus.com\\\/de\\\/idabus-d-o-o\\\/\"},{\"@type\":\"ListItem\",\"position\":2,\"name\":\"R\u00fcckblick! 14. Identity &amp; Cloud Summit 2023\"}]},{\"@type\":\"WebSite\",\"@id\":\"https:\\\/\\\/idabus.com\\\/de\\\/#website\",\"url\":\"https:\\\/\\\/idabus.com\\\/de\\\/\",\"name\":\"IDABUS D.O.O.\",\"description\":\"Identity and Access Management Systems | IDABUS\",\"publisher\":{\"@id\":\"https:\\\/\\\/idabus.com\\\/de\\\/#organization\"},\"potentialAction\":[{\"@type\":\"SearchAction\",\"target\":{\"@type\":\"EntryPoint\",\"urlTemplate\":\"https:\\\/\\\/idabus.com\\\/de\\\/?s={search_term_string}\"},\"query-input\":{\"@type\":\"PropertyValueSpecification\",\"valueRequired\":true,\"valueName\":\"search_term_string\"}}],\"inLanguage\":\"de\"},{\"@type\":\"Organization\",\"@id\":\"https:\\\/\\\/idabus.com\\\/de\\\/#organization\",\"name\":\"IDABUS D.O.O.\",\"url\":\"https:\\\/\\\/idabus.com\\\/de\\\/\",\"logo\":{\"@type\":\"ImageObject\",\"inLanguage\":\"de\",\"@id\":\"https:\\\/\\\/idabus.com\\\/de\\\/#\\\/schema\\\/logo\\\/image\\\/\",\"url\":\"https:\\\/\\\/idabus.com\\\/wp-content\\\/uploads\\\/sites\\\/3\\\/2022\\\/03\\\/Idabus_Logo.png\",\"contentUrl\":\"https:\\\/\\\/idabus.com\\\/wp-content\\\/uploads\\\/sites\\\/3\\\/2022\\\/03\\\/Idabus_Logo.png\",\"width\":486,\"height\":117,\"caption\":\"IDABUS D.O.O.\"},\"image\":{\"@id\":\"https:\\\/\\\/idabus.com\\\/de\\\/#\\\/schema\\\/logo\\\/image\\\/\"}},{\"@type\":\"Person\",\"@id\":\"https:\\\/\\\/idabus.com\\\/de\\\/#\\\/schema\\\/person\\\/405a82bbfd3e241a3c63c0061b7d21d9\",\"name\":\"adelsberger\"}]}<\/script>\n<!-- \/ Yoast SEO plugin. -->","yoast_head_json":{"title":"R\u00fcckblick-Summit2023","robots":{"index":"index","follow":"follow","max-snippet":"max-snippet:-1","max-image-preview":"max-image-preview:large","max-video-preview":"max-video-preview:-1"},"canonical":"https:\/\/idabus.com\/de\/rueckblick-14-identity-cloud-summit-2023\/","og_locale":"de_DE","og_type":"article","og_title":"R\u00fcckblick-Summit2023","og_description":"Unser Gipfeltreffen war wieder einmal ein absolutes Highlight, bei dem wir uns intensiv mit vielen spannenden Themen auseinandergesetzt haben. Die Pr\u00e4sentation \u201eUnsere Reise mit IDABUS \u2013 Der Weg von der MIM 2016 in die Cloud\u201c, basierend auf einer realen Kundensituation, bot uns einen beeindruckenden Einblick in die Entwicklung dieser wegweisenden L\u00f6sung. Ein weiterer Erfolg in [&hellip;]","og_url":"https:\/\/idabus.com\/de\/rueckblick-14-identity-cloud-summit-2023\/","og_site_name":"IDABUS D.O.O.","article_published_time":"2023-07-07T07:32:48+00:00","article_modified_time":"2026-01-26T07:31:23+00:00","og_image":[{"width":1417,"height":1012,"url":"https:\/\/idabus.com\/wp-content\/uploads\/sites\/3\/2023\/07\/summit_blogbild.jpg","type":"image\/jpeg"}],"author":"adelsberger","twitter_card":"summary_large_image","twitter_misc":{"Verfasst von":"adelsberger","Gesch\u00e4tzte Lesezeit":"2\u00a0Minuten"},"schema":{"@context":"https:\/\/schema.org","@graph":[{"@type":"Article","@id":"https:\/\/idabus.com\/de\/rueckblick-14-identity-cloud-summit-2023\/#article","isPartOf":{"@id":"https:\/\/idabus.com\/de\/rueckblick-14-identity-cloud-summit-2023\/"},"author":{"name":"adelsberger","@id":"https:\/\/idabus.com\/de\/#\/schema\/person\/405a82bbfd3e241a3c63c0061b7d21d9"},"headline":"R\u00fcckblick! 14. Identity &amp; Cloud Summit 2023","datePublished":"2023-07-07T07:32:48+00:00","dateModified":"2026-01-26T07:31:23+00:00","mainEntityOfPage":{"@id":"https:\/\/idabus.com\/de\/rueckblick-14-identity-cloud-summit-2023\/"},"wordCount":425,"publisher":{"@id":"https:\/\/idabus.com\/de\/#organization"},"image":{"@id":"https:\/\/idabus.com\/de\/rueckblick-14-identity-cloud-summit-2023\/#primaryimage"},"thumbnailUrl":"https:\/\/idabus.com\/wp-content\/uploads\/sites\/3\/2023\/07\/summit_blogbild.jpg","articleSection":["Nicht kategorisiert"],"inLanguage":"de"},{"@type":"WebPage","@id":"https:\/\/idabus.com\/de\/rueckblick-14-identity-cloud-summit-2023\/","url":"https:\/\/idabus.com\/de\/rueckblick-14-identity-cloud-summit-2023\/","name":"R\u00fcckblick-Summit2023","isPartOf":{"@id":"https:\/\/idabus.com\/de\/#website"},"primaryImageOfPage":{"@id":"https:\/\/idabus.com\/de\/rueckblick-14-identity-cloud-summit-2023\/#primaryimage"},"image":{"@id":"https:\/\/idabus.com\/de\/rueckblick-14-identity-cloud-summit-2023\/#primaryimage"},"thumbnailUrl":"https:\/\/idabus.com\/wp-content\/uploads\/sites\/3\/2023\/07\/summit_blogbild.jpg","datePublished":"2023-07-07T07:32:48+00:00","dateModified":"2026-01-26T07:31:23+00:00","breadcrumb":{"@id":"https:\/\/idabus.com\/de\/rueckblick-14-identity-cloud-summit-2023\/#breadcrumb"},"inLanguage":"de","potentialAction":[{"@type":"ReadAction","target":["https:\/\/idabus.com\/de\/rueckblick-14-identity-cloud-summit-2023\/"]}]},{"@type":"ImageObject","inLanguage":"de","@id":"https:\/\/idabus.com\/de\/rueckblick-14-identity-cloud-summit-2023\/#primaryimage","url":"https:\/\/idabus.com\/wp-content\/uploads\/sites\/3\/2023\/07\/summit_blogbild.jpg","contentUrl":"https:\/\/idabus.com\/wp-content\/uploads\/sites\/3\/2023\/07\/summit_blogbild.jpg","width":1417,"height":1012},{"@type":"BreadcrumbList","@id":"https:\/\/idabus.com\/de\/rueckblick-14-identity-cloud-summit-2023\/#breadcrumb","itemListElement":[{"@type":"ListItem","position":1,"name":"Startseite","item":"https:\/\/idabus.com\/de\/idabus-d-o-o\/"},{"@type":"ListItem","position":2,"name":"R\u00fcckblick! 14. Identity &amp; Cloud Summit 2023"}]},{"@type":"WebSite","@id":"https:\/\/idabus.com\/de\/#website","url":"https:\/\/idabus.com\/de\/","name":"IDABUS D.O.O.","description":"Identity and Access Management Systems | IDABUS","publisher":{"@id":"https:\/\/idabus.com\/de\/#organization"},"potentialAction":[{"@type":"SearchAction","target":{"@type":"EntryPoint","urlTemplate":"https:\/\/idabus.com\/de\/?s={search_term_string}"},"query-input":{"@type":"PropertyValueSpecification","valueRequired":true,"valueName":"search_term_string"}}],"inLanguage":"de"},{"@type":"Organization","@id":"https:\/\/idabus.com\/de\/#organization","name":"IDABUS D.O.O.","url":"https:\/\/idabus.com\/de\/","logo":{"@type":"ImageObject","inLanguage":"de","@id":"https:\/\/idabus.com\/de\/#\/schema\/logo\/image\/","url":"https:\/\/idabus.com\/wp-content\/uploads\/sites\/3\/2022\/03\/Idabus_Logo.png","contentUrl":"https:\/\/idabus.com\/wp-content\/uploads\/sites\/3\/2022\/03\/Idabus_Logo.png","width":486,"height":117,"caption":"IDABUS D.O.O."},"image":{"@id":"https:\/\/idabus.com\/de\/#\/schema\/logo\/image\/"}},{"@type":"Person","@id":"https:\/\/idabus.com\/de\/#\/schema\/person\/405a82bbfd3e241a3c63c0061b7d21d9","name":"adelsberger"}]}},"_links":{"self":[{"href":"https:\/\/idabus.com\/de\/wp-json\/wp\/v2\/posts\/2647","targetHints":{"allow":["GET"]}}],"collection":[{"href":"https:\/\/idabus.com\/de\/wp-json\/wp\/v2\/posts"}],"about":[{"href":"https:\/\/idabus.com\/de\/wp-json\/wp\/v2\/types\/post"}],"author":[{"embeddable":true,"href":"https:\/\/idabus.com\/de\/wp-json\/wp\/v2\/users\/11"}],"replies":[{"embeddable":true,"href":"https:\/\/idabus.com\/de\/wp-json\/wp\/v2\/comments?post=2647"}],"version-history":[{"count":1,"href":"https:\/\/idabus.com\/de\/wp-json\/wp\/v2\/posts\/2647\/revisions"}],"predecessor-version":[{"id":2648,"href":"https:\/\/idabus.com\/de\/wp-json\/wp\/v2\/posts\/2647\/revisions\/2648"}],"wp:featuredmedia":[{"embeddable":true,"href":"https:\/\/idabus.com\/de\/wp-json\/wp\/v2\/media\/2423"}],"wp:attachment":[{"href":"https:\/\/idabus.com\/de\/wp-json\/wp\/v2\/media?parent=2647"}],"wp:term":[{"taxonomy":"category","embeddable":true,"href":"https:\/\/idabus.com\/de\/wp-json\/wp\/v2\/categories?post=2647"},{"taxonomy":"post_tag","embeddable":true,"href":"https:\/\/idabus.com\/de\/wp-json\/wp\/v2\/tags?post=2647"}],"curies":[{"name":"wp","href":"https:\/\/api.w.org\/{rel}","templated":true}]}}